{"id":1644,"date":"2014-10-22T13:51:00","date_gmt":"2014-10-22T11:51:00","guid":{"rendered":"https:\/\/oldsite-wie.no-borders.studio\/?p=1644"},"modified":"2014-10-22T13:51:00","modified_gmt":"2014-10-22T11:51:00","slug":"mini-fluechtlingsgipfel-des-kanzleramts-am-donnerstag","status":"publish","type":"post","link":"https:\/\/oldsite-wie.no-borders.studio\/en\/mini-fluechtlingsgipfel-des-kanzleramts-am-donnerstag\/","title":{"rendered":"Mini-Fl\u00fcchtlingsgipfel des Kanzleramts am Donnerstag"},"content":{"rendered":"<p>Presseerkl\u00e4rung von PRO ASYL 22.10.2014<br \/>\n<strong>PRO ASYL fordert Aufnahmekonzept statt blo\u00dfer Finanzumverteilung<\/strong><\/p>\n<p>Am Donnerstag, den 23. Oktober 2014, werden Bund und L\u00e4nder \u00fcber die Fl\u00fcchtlingsunterbringung beraten. Die Chefs der Staatskanzleien der Landesregierungen sind hierzu nach Berlin zu einem Treffen eingeladen.<br \/>\nPRO ASYL bef\u00fcrchtet: Das legitime Ziel der Umverteilung der Kosten von L\u00e4ndern und Kommunen in Richtung Bund droht die Inhalte zu \u00fcberlagern. Die Zu- und Missst\u00e4nde in fast allen Bundesl\u00e4ndern legen es nahe, endlich \u00fcber ein Konzept zur Aufnahme von Fl\u00fcchtlingen zu reden. Dabei muss klar sein: Aufnahme ist mehr als die blo\u00dfe Unterbringung.<br \/>\nWeiterlesen: <a href=\"http:\/\/www.proasyl.de\/de\/presse\/detail\/news\/mini_fluechtlingsgipfel_des_kanzleramts_am_donnerstag\/\">www.proasyl.de<\/a><\/p>\n","protected":false},"excerpt":{"rendered":"<p>Presseerkl\u00e4rung von PRO ASYL 22.10.2014 <strong>PRO ASYL fordert Aufnahmekonzept statt blo\u00dfer Finanzumverteilung<\/strong><\/p>\n<p>Am Donnerstag, den 23. Oktober 2014, werden Bund und L\u00e4nder \u00fcber die Fl\u00fcchtlingsunterbringung beraten. Die Chefs der Staatskanzleien der Landesregierungen sind hierzu nach Berlin zu einem Treffen eingeladen. PRO ASYL bef\u00fcrchtet: Das legitime Ziel der Umverteilung der Kosten von L\u00e4ndern und Kommunen in [&#8230;]<\/p>\n","protected":false},"author":1,"featured_media":0,"comment_status":"open","ping_status":"open","sticky":false,"template":"","format":"standard","meta":{"footnotes":""},"categories":[1],"tags":[7],"translation":{"provider":"WPGlobus","version":"2.8.8","language":"en","enabled_languages":["de","en"],"languages":{"de":{"title":true,"content":true,"excerpt":false},"en":{"title":false,"content":false,"excerpt":false}}},"_links":{"self":[{"href":"https:\/\/oldsite-wie.no-borders.studio\/en\/wp-json\/wp\/v2\/posts\/1644"}],"collection":[{"href":"https:\/\/oldsite-wie.no-borders.studio\/en\/wp-json\/wp\/v2\/posts"}],"about":[{"href":"https:\/\/oldsite-wie.no-borders.studio\/en\/wp-json\/wp\/v2\/types\/post"}],"author":[{"embeddable":true,"href":"https:\/\/oldsite-wie.no-borders.studio\/en\/wp-json\/wp\/v2\/users\/1"}],"replies":[{"embeddable":true,"href":"https:\/\/oldsite-wie.no-borders.studio\/en\/wp-json\/wp\/v2\/comments?post=1644"}],"version-history":[{"count":0,"href":"https:\/\/oldsite-wie.no-borders.studio\/en\/wp-json\/wp\/v2\/posts\/1644\/revisions"}],"wp:attachment":[{"href":"https:\/\/oldsite-wie.no-borders.studio\/en\/wp-json\/wp\/v2\/media?parent=1644"}],"wp:term":[{"taxonomy":"category","embeddable":true,"href":"https:\/\/oldsite-wie.no-borders.studio\/en\/wp-json\/wp\/v2\/categories?post=1644"},{"taxonomy":"post_tag","embeddable":true,"href":"https:\/\/oldsite-wie.no-borders.studio\/en\/wp-json\/wp\/v2\/tags?post=1644"}],"curies":[{"name":"wp","href":"https:\/\/api.w.org\/{rel}","templated":true}]}}